[{"@context":"https:\/\/schema.org\/","@type":"Article","@id":"https:\/\/www.autoeu.sk\/znaky-skutocneho-muza-stante-sa-nim-aj-vy\/#Article","mainEntityOfPage":"https:\/\/www.autoeu.sk\/znaky-skutocneho-muza-stante-sa-nim-aj-vy\/","headline":"Znaky skuto\u010dn\u00e9ho mu\u017ea : sta\u0148te sa n\u00edm aj vy!","name":"Znaky skuto\u010dn\u00e9ho mu\u017ea : sta\u0148te sa n\u00edm aj vy!","description":"Prejdime teda k funkci\u00e1m skuto\u010dn\u00e9ho mu\u017ea \u2013 ak\u00fd by teda mal by\u0165: 1.\u00a0\u00a0\u00a0\u00a0\u00a0 Nemysl\u00ed len na seba. Je zauj\u00edmav\u00e9, \u017ee napriek v\u0161etk\u00fdm zmen\u00e1m verejn\u00e9ho povedomia sa tradi\u010dn\u00e1 my\u0161lienka o tom, ak\u00fd by mal by\u0165 skuto\u010dn\u00fd mu\u017e, takmer nemen\u00ed.\u00a0Ka\u017ed\u00e1 predsa chce mu\u017ea, ktor\u00fd nebude egoistick\u00fd a\u00a0bude myslie\u0165 aj na rodinu. 2.\u00a0\u00a0\u00a0\u00a0\u00a0 Je sebesta\u010dn\u00fd. To znamen\u00e1, \u017ee [&hellip;]","datePublished":"2018-03-28","dateModified":"2018-03-28","author":{"@type":"Person","@id":"https:\/\/www.autoeu.sk\/author\/#Person","name":"","url":"https:\/\/www.autoeu.sk\/author\/","identifier":1,"image":{"@type":"ImageObject","@id":"https:\/\/secure.gravatar.com\/avatar\/df9d3e7f7fe4622e291ec02ac46f5f76755ddc91019a65e783baee3892394402?s=96&d=mm&r=g","url":"https:\/\/secure.gravatar.com\/avatar\/df9d3e7f7fe4622e291ec02ac46f5f76755ddc91019a65e783baee3892394402?s=96&d=mm&r=g","height":96,"width":96}},"publisher":{"@type":"Organization","name":"autoeu.sk","logo":{"@type":"ImageObject","@id":"\/logo.png","url":"\/logo.png","width":600,"height":60}},"image":{"@type":"ImageObject","@id":"https:\/\/www.autoeu.sk\/wp-content\/uploads\/img_a288187_w16573_t1527493865.png","url":"https:\/\/www.autoeu.sk\/wp-content\/uploads\/img_a288187_w16573_t1527493865.png","height":0,"width":0},"url":"https:\/\/www.autoeu.sk\/znaky-skutocneho-muza-stante-sa-nim-aj-vy\/","wordCount":408,"articleBody":"\tPrejdime teda k funkci\u00e1m skuto\u010dn\u00e9ho mu\u017ea \u2013 ak\u00fd by teda mal by\u0165:\t1.\u00a0\u00a0\u00a0\u00a0\u00a0 Nemysl\u00ed len na seba.\tJe zauj\u00edmav\u00e9, \u017ee napriek v\u0161etk\u00fdm zmen\u00e1m verejn\u00e9ho povedomia sa tradi\u010dn\u00e1 my\u0161lienka o tom, ak\u00fd by mal by\u0165 skuto\u010dn\u00fd mu\u017e, takmer nemen\u00ed.\u00a0Ka\u017ed\u00e1 predsa chce mu\u017ea, ktor\u00fd nebude egoistick\u00fd a\u00a0bude myslie\u0165 aj na rodinu.\t2.\u00a0\u00a0\u00a0\u00a0\u00a0 Je sebesta\u010dn\u00fd.\tTo znamen\u00e1, \u017ee nezneu\u017e\u00edva matku, \u017eeny alebo priate\u013eov a v z\u00e1sade nepova\u017euje in\u00fdch \u013eud\u00ed za sp\u00f4sob, ako vyrie\u0161i\u0165 svoje probl\u00e9my.\t3.\u00a0\u00a0\u00a0\u00a0\u00a0 Je nez\u00e1visl\u00fd.\tMili\u00f3ny mu\u017eov priamo z\u00e1visia od svojej matky, cigariet s\u00fa\u010dasne a \u010dastej\u0161ie od vodky a drog.\u00a0A pozdravujem rodi\u010dov: z\u00e1vislos\u0165 sa toti\u017e\u00a0 vytv\u00e1ra v detstve, hlavne kv\u00f4li nedostato\u010dnej podpore v rodine.\u00a0A to najm\u00e4 v kombin\u00e1cii s ned\u00f4verou a \u00faplnou kontrolou. \t4.\u00a0\u00a0\u00a0\u00a0\u00a0 Nepo\u017eiada o pomoc.\tSamozrejme, \u010dlovek m\u00f4\u017ee v extr\u00e9mnych pr\u00edpadoch po\u017eiada\u0165 o pomoc, ale nem\u00f4\u017ee \u017ei\u0165 tak, \u017ee v\u017edy po\u010d\u00edta s niek\u00fdm.\t5.\u00a0\u00a0\u00a0\u00a0\u00a0 Je nekompromisn\u00fd.\tNem\u00e1 sa oh\u00fdba\u0165, neprisp\u00f4sobova\u0165\u00a0 \u013eu\u010fom a\u00a0situ\u00e1ci\u00e1m. Samozrejme to neplat\u00ed v\u00a0ka\u017edom pr\u00edpade ale len na ten aby nebol len nejakou b\u00e1bkou, ktor\u00fa ka\u017ed\u00fd zneu\u017e\u00edva.\t6.\u00a0\u00a0\u00a0\u00a0\u00a0 Neporovn\u00e1va.\tNa biologickej \u00farovni je mu\u017e navrhnut\u00fd tak\u00fdm sp\u00f4sobom, \u017ee sa v\u017edy a v\u0161ade porovn\u00e1va.\u00a0Av\u0161ak \u00faspe\u0161n\u00fd, sebaist\u00fd \u010dlovek dok\u00e1\u017ee tento proces kontrolova\u0165 a vie, \u017ee je ove\u013ea produkt\u00edvnej\u0161ie porovn\u00e1va\u0165 sa so sebou,\u00a0 ak\u00fdm bol v\u010dera a\u00a0v minulosti.\u00a0Op\u00fdtajte sa sami seba: &#8220;\u010co rob\u00edm lep\u0161ie, r\u00fdchlej\u0161ie a silnej\u0161ie ne\u017e v\u010dera a pred rokom?&#8221; To V\u00e1m d\u00e1va skuto\u010dn\u00fa motiv\u00e1ciu pre rast a d\u00f4vod, pre\u010do sa chv\u00e1li\u0165.\t7.\u00a0\u00a0\u00a0\u00a0\u00a0 Prij\u00edma sa tak\u00fd, ako je.\t\u010c\u00edm menej \u010dlovek miluje a prij\u00edma sa, t\u00fdm menej je schopn\u00fd milova\u0165 in\u00fdch.\u00a0Tak\u00fdto vz\u0165ah plat\u00ed aj u mu\u017eov: \u010d\u00edm menej je mu\u017e sebavedom\u00fd, t\u00fdm viac lipne na svojej \u017eene.\t8.\u00a0\u00a0\u00a0\u00a0\u00a0 Nesleduje nepodstatn\u00e9 \u017eeny.\tOb\u00e1vam sa, \u017ee budem ma\u0165 \u017eensk\u00fd hnev, ale som si ist\u00fd, \u017ee siln\u00fd mu\u017e, ktor\u00fd je siln\u00fd, by nemal beha\u0165 po \u017eene, ktor\u00e1 ho odmieta.\u00a0\t9.\u00a0\u00a0\u00a0\u00a0\u00a0 U\u0161iel z kr\u00edzy stredn\u00e9ho veku\u00a0\u00a0alebo za\u017eil najmen\u0161ie straty.\t10.\u00a0 Pevne vie, \u017ee \u017eena je t\u00e1 ist\u00e1 osoba, len lep\u0161ia.                                                                                                                                                                                                                                                                                                                                                                                                "},{"@context":"https:\/\/schema.org\/","@type":"BreadcrumbList","itemListElement":[{"@type":"ListItem","position":1,"name":"Znaky skuto\u010dn\u00e9ho mu\u017ea : sta\u0148te sa n\u00edm aj vy!","item":"https:\/\/www.autoeu.sk\/znaky-skutocneho-muza-stante-sa-nim-aj-vy\/#breadcrumbitem"}]}]